{"id":3259,"date":"2025-08-12T11:11:21","date_gmt":"2025-08-12T09:11:21","guid":{"rendered":"https:\/\/www.fotostudio-edler.de\/?p=3259"},"modified":"2025-08-12T11:17:15","modified_gmt":"2025-08-12T09:17:15","slug":"ein-tag-und-ein-paar-stunden-fuer-die-ewigkeit","status":"publish","type":"post","link":"https:\/\/www.fotostudio-edler.de\/index.php\/2025\/08\/12\/ein-tag-und-ein-paar-stunden-fuer-die-ewigkeit\/","title":{"rendered":"Ein Tag und ein paar Stunden f\u00fcr die Ewigkeit."},"content":{"rendered":"\n<p><\/p>\n\n\n\n<p>Am 16.06. durfte ich Teil einer ganz besonderen Geschichte sein. Ich begleitete die kleine, spontane Hochzeit von Martin und Michelle. Nach der Trauung im Standesamt &#8211; ganz still und nur f\u00fcr sich- f\u00fchrte uns ihr Weg auf die wundersch\u00f6ne Burg Scharfenstein. Dort hielten wir all die liebevollen, echten und vergesslichen Momente ihres Tages fest. Voller neuer Lebensfreude entstanden so Erinnerungen, die f\u00fcr immer bleiben.<\/p>\n\n\n\n<figure class=\"wp-block-gallery has-nested-images columns-default is-cropped wp-block-gallery-1 is-layout-flex wp-block-gallery-is-layout-flex\">\n<figure class=\"wp-block-image size-large\"><img loading=\"lazy\" decoding=\"async\" width=\"150\" height=\"100\" data-id=\"3267\" src=\"https:\/\/www.fotostudio-edler.de\/wp-content\/uploads\/2025\/08\/Canon-EOS-5D-Mark-III-80486-150x100.jpg\" alt=\"\" class=\"wp-image-3267\" srcset=\"https:\/\/www.fotostudio-edler.de\/wp-content\/uploads\/2025\/08\/Canon-EOS-5D-Mark-III-80486-150x100.jpg 150w, https:\/\/www.fotostudio-edler.de\/wp-content\/uploads\/2025\/08\/Canon-EOS-5D-Mark-III-80486-768x512.jpg 768w, https:\/\/www.fotostudio-edler.de\/wp-content\/uploads\/2025\/08\/Canon-EOS-5D-Mark-III-80486.jpg 1200w\" sizes=\"auto, (max-width: 150px) 100vw, 150px\" \/><\/figure>\n\n\n\n<figure class=\"wp-block-image size-large\"><img loading=\"lazy\" decoding=\"async\" width=\"150\" height=\"100\" data-id=\"3268\" src=\"https:\/\/www.fotostudio-edler.de\/wp-content\/uploads\/2025\/08\/Canon-EOS-5D-Mark-III-80493-150x100.jpg\" alt=\"\" class=\"wp-image-3268\" srcset=\"https:\/\/www.fotostudio-edler.de\/wp-content\/uploads\/2025\/08\/Canon-EOS-5D-Mark-III-80493-150x100.jpg 150w, https:\/\/www.fotostudio-edler.de\/wp-content\/uploads\/2025\/08\/Canon-EOS-5D-Mark-III-80493-768x512.jpg 768w, https:\/\/www.fotostudio-edler.de\/wp-content\/uploads\/2025\/08\/Canon-EOS-5D-Mark-III-80493.jpg 1200w\" sizes=\"auto, (max-width: 150px) 100vw, 150px\" \/><\/figure>\n\n\n\n<figure class=\"wp-block-image size-large\"><img loading=\"lazy\" decoding=\"async\" width=\"150\" height=\"100\" data-id=\"3272\" src=\"https:\/\/www.fotostudio-edler.de\/wp-content\/uploads\/2025\/08\/Canon-EOS-5D-Mark-III-80519-150x100.jpg\" alt=\"\" class=\"wp-image-3272\" srcset=\"https:\/\/www.fotostudio-edler.de\/wp-content\/uploads\/2025\/08\/Canon-EOS-5D-Mark-III-80519-150x100.jpg 150w, https:\/\/www.fotostudio-edler.de\/wp-content\/uploads\/2025\/08\/Canon-EOS-5D-Mark-III-80519-768x512.jpg 768w, https:\/\/www.fotostudio-edler.de\/wp-content\/uploads\/2025\/08\/Canon-EOS-5D-Mark-III-80519.jpg 1200w\" sizes=\"auto, (max-width: 150px) 100vw, 150px\" \/><\/figure>\n\n\n\n<figure class=\"wp-block-image size-large\"><img loading=\"lazy\" decoding=\"async\" width=\"150\" height=\"100\" data-id=\"3271\" src=\"https:\/\/www.fotostudio-edler.de\/wp-content\/uploads\/2025\/08\/martinmichelle5_1-2-150x100.jpg\" alt=\"\" class=\"wp-image-3271\" srcset=\"https:\/\/www.fotostudio-edler.de\/wp-content\/uploads\/2025\/08\/martinmichelle5_1-2-150x100.jpg 150w, https:\/\/www.fotostudio-edler.de\/wp-content\/uploads\/2025\/08\/martinmichelle5_1-2-768x512.jpg 768w, https:\/\/www.fotostudio-edler.de\/wp-content\/uploads\/2025\/08\/martinmichelle5_1-2.jpg 1200w\" sizes=\"auto, (max-width: 150px) 100vw, 150px\" \/><\/figure>\n\n\n\n<figure class=\"wp-block-image size-large\"><img loading=\"lazy\" decoding=\"async\" width=\"150\" height=\"100\" data-id=\"3269\" src=\"https:\/\/www.fotostudio-edler.de\/wp-content\/uploads\/2025\/08\/martinmichelle6_1-1-150x100.jpg\" alt=\"\" class=\"wp-image-3269\" srcset=\"https:\/\/www.fotostudio-edler.de\/wp-content\/uploads\/2025\/08\/martinmichelle6_1-1-150x100.jpg 150w, https:\/\/www.fotostudio-edler.de\/wp-content\/uploads\/2025\/08\/martinmichelle6_1-1-768x512.jpg 768w, https:\/\/www.fotostudio-edler.de\/wp-content\/uploads\/2025\/08\/martinmichelle6_1-1.jpg 1200w\" sizes=\"auto, (max-width: 150px) 100vw, 150px\" \/><\/figure>\n\n\n\n<figure class=\"wp-block-image size-large\"><img loading=\"lazy\" decoding=\"async\" width=\"150\" height=\"100\" data-id=\"3270\" src=\"https:\/\/www.fotostudio-edler.de\/wp-content\/uploads\/2025\/08\/MartinMichelle65-1-150x100.jpg\" alt=\"\" class=\"wp-image-3270\" srcset=\"https:\/\/www.fotostudio-edler.de\/wp-content\/uploads\/2025\/08\/MartinMichelle65-1-150x100.jpg 150w, https:\/\/www.fotostudio-edler.de\/wp-content\/uploads\/2025\/08\/MartinMichelle65-1-768x512.jpg 768w, https:\/\/www.fotostudio-edler.de\/wp-content\/uploads\/2025\/08\/MartinMichelle65-1.jpg 1200w\" sizes=\"auto, (max-width: 150px) 100vw, 150px\" \/><\/figure>\n\n\n\n<figure class=\"wp-block-image size-large\"><img loading=\"lazy\" decoding=\"async\" width=\"150\" height=\"100\" data-id=\"3274\" src=\"https:\/\/www.fotostudio-edler.de\/wp-content\/uploads\/2025\/08\/MartinMichelle113-1-150x100.jpg\" alt=\"\" class=\"wp-image-3274\" srcset=\"https:\/\/www.fotostudio-edler.de\/wp-content\/uploads\/2025\/08\/MartinMichelle113-1-150x100.jpg 150w, https:\/\/www.fotostudio-edler.de\/wp-content\/uploads\/2025\/08\/MartinMichelle113-1-768x512.jpg 768w, https:\/\/www.fotostudio-edler.de\/wp-content\/uploads\/2025\/08\/MartinMichelle113-1.jpg 1200w\" sizes=\"auto, (max-width: 150px) 100vw, 150px\" \/><\/figure>\n\n\n\n<figure class=\"wp-block-image size-large\"><img loading=\"lazy\" decoding=\"async\" width=\"150\" height=\"100\" data-id=\"3275\" src=\"https:\/\/www.fotostudio-edler.de\/wp-content\/uploads\/2025\/08\/MartinMichelle119-1-150x100.jpg\" alt=\"\" class=\"wp-image-3275\" srcset=\"https:\/\/www.fotostudio-edler.de\/wp-content\/uploads\/2025\/08\/MartinMichelle119-1-150x100.jpg 150w, https:\/\/www.fotostudio-edler.de\/wp-content\/uploads\/2025\/08\/MartinMichelle119-1-768x512.jpg 768w, https:\/\/www.fotostudio-edler.de\/wp-content\/uploads\/2025\/08\/MartinMichelle119-1.jpg 1200w\" sizes=\"auto, (max-width: 150px) 100vw, 150px\" \/><\/figure>\n<\/figure>\n","protected":false},"excerpt":{"rendered":"<p>Am 16.06. durfte ich Teil einer ganz besonderen Geschichte sein. Ich begleitete die kleine, spontane Hochzeit von Martin und Michelle. Nach der Trauung im Standesamt &#8211; ganz still und nur f\u00fcr sich- f\u00fchrte uns ihr Weg auf die wundersch\u00f6ne Burg Scharfenstein. Dort hielten wir all &hellip; <a href=\"https:\/\/www.fotostudio-edler.de\/index.php\/2025\/08\/12\/ein-tag-und-ein-paar-stunden-fuer-die-ewigkeit\/\" class=\"more-link\"><span>Continue reading<span class=\"screen-reader-text\">Ein Tag und ein paar Stunden f\u00fcr die Ewigkeit.<\/span><\/span><\/a><\/p>\n","protected":false},"author":1,"featured_media":3275,"comment_status":"closed","ping_status":"closed","sticky":false,"template":"","format":"image","meta":{"ngg_post_thumbnail":0,"footnotes":""},"categories":[1],"tags":[131,29,125,123,28,122,42,48,124,39,31,134,45,106,62,50,130,21,132,49,126,30,127,133],"class_list":["post-3259","post","type-post","status-publish","format-image","has-post-thumbnail","hentry","category-allgemein","tag-burg_scharfenstein-2","tag-eichsfeld","tag-epassbilder-2","tag-fotogeschaeft","tag-fotograf","tag-fotograf_eichsfeld","tag-fotografheiligenstadt","tag-fotografthueringen","tag-fotoladen","tag-goettingen","tag-heiligenstadt","tag-hochzeitscharfenstein","tag-hochzeitsfotograf","tag-hochzeitsfotograf_eichsfeld","tag-hochzeitsfotograf_thueringen","tag-kirche","tag-kommunion","tag-passbilder","tag-scharfenstein-2","tag-standesamt","tag-standesamtlichetrauung","tag-thueringen","tag-trauung","tag-trauungscharfenstein","post_format-post-format-image"],"_links":{"self":[{"href":"https:\/\/www.fotostudio-edler.de\/index.php\/wp-json\/wp\/v2\/posts\/3259","targetHints":{"allow":["GET"]}}],"collection":[{"href":"https:\/\/www.fotostudio-edler.de\/index.php\/wp-json\/wp\/v2\/posts"}],"about":[{"href":"https:\/\/www.fotostudio-edler.de\/index.php\/wp-json\/wp\/v2\/types\/post"}],"author":[{"embeddable":true,"href":"https:\/\/www.fotostudio-edler.de\/index.php\/wp-json\/wp\/v2\/users\/1"}],"replies":[{"embeddable":true,"href":"https:\/\/www.fotostudio-edler.de\/index.php\/wp-json\/wp\/v2\/comments?post=3259"}],"version-history":[{"count":1,"href":"https:\/\/www.fotostudio-edler.de\/index.php\/wp-json\/wp\/v2\/posts\/3259\/revisions"}],"predecessor-version":[{"id":3276,"href":"https:\/\/www.fotostudio-edler.de\/index.php\/wp-json\/wp\/v2\/posts\/3259\/revisions\/3276"}],"wp:featuredmedia":[{"embeddable":true,"href":"https:\/\/www.fotostudio-edler.de\/index.php\/wp-json\/wp\/v2\/media\/3275"}],"wp:attachment":[{"href":"https:\/\/www.fotostudio-edler.de\/index.php\/wp-json\/wp\/v2\/media?parent=3259"}],"wp:term":[{"taxonomy":"category","embeddable":true,"href":"https:\/\/www.fotostudio-edler.de\/index.php\/wp-json\/wp\/v2\/categories?post=3259"},{"taxonomy":"post_tag","embeddable":true,"href":"https:\/\/www.fotostudio-edler.de\/index.php\/wp-json\/wp\/v2\/tags?post=3259"}],"curies":[{"name":"wp","href":"https:\/\/api.w.org\/{rel}","templated":true}]}}