{"id":3198,"date":"2025-07-28T12:32:04","date_gmt":"2025-07-28T10:32:04","guid":{"rendered":"https:\/\/www.fotostudio-edler.de\/?p=3198"},"modified":"2025-07-28T12:45:58","modified_gmt":"2025-07-28T10:45:58","slug":"zwischen-barokgarten-und-burgruinen-wurde-ihr-maerchen-wahr","status":"publish","type":"post","link":"https:\/\/www.fotostudio-edler.de\/index.php\/2025\/07\/28\/zwischen-barokgarten-und-burgruinen-wurde-ihr-maerchen-wahr\/","title":{"rendered":"Zwischen Barokgarten und Burgruinen wurde ihr M\u00e4rchen wahr."},"content":{"rendered":"\n<p><\/p>\n\n\n\n<p>Am 24.Mai 2025 durfte ich die Liebe zwischen Sebastian und Vanessa in Bildern festhalten.Ein Tag voller Zauber, der mit einer ber\u00fchrenden Trauung im Herzen von Heilbad Heiligenstadt begann. Umgeben von einer ehrw\u00fcrdigen Kirche und dem bl\u00fchenden Barockgarten gaben sich die beiden das Ja-Wort- ein Moment voller Gef\u00fchl und leiser Magie.<\/p>\n\n\n\n<p>Anschlie\u00dfend ging es weiter zum Klausenhof in Bornhagen, wo unterhalb der alten Burgruine Hanstein gefeiert wurde. Umgeben von Geschichte, Natur und Liebe tanzten Sebastian und Vanessa mit ihren G\u00e4sten dem Sonnenuntergang entgegen ein Fest, das bis tief in die Nacht von Gl\u00fcck erf\u00fcllt war. <\/p>\n\n\n\n<p>Es war ein M\u00e4rchentag, den ich f\u00fcr immer in Bildern bewahre..<\/p>\n\n\n\n<figure class=\"wp-block-image size-large\"><img loading=\"lazy\" decoding=\"async\" width=\"150\" height=\"100\" src=\"https:\/\/www.fotostudio-edler.de\/wp-content\/uploads\/2025\/07\/U7B6843-150x100.jpg\" alt=\"\" class=\"wp-image-3214\" srcset=\"https:\/\/www.fotostudio-edler.de\/wp-content\/uploads\/2025\/07\/U7B6843-150x100.jpg 150w, https:\/\/www.fotostudio-edler.de\/wp-content\/uploads\/2025\/07\/U7B6843-768x512.jpg 768w, https:\/\/www.fotostudio-edler.de\/wp-content\/uploads\/2025\/07\/U7B6843.jpg 1200w\" sizes=\"auto, (max-width: 150px) 100vw, 150px\" \/><\/figure>\n\n\n\n<figure class=\"wp-block-gallery has-nested-images columns-default is-cropped wp-block-gallery-1 is-layout-flex wp-block-gallery-is-layout-flex\">\n<figure class=\"wp-block-image size-large\"><img loading=\"lazy\" decoding=\"async\" width=\"150\" height=\"100\" data-id=\"3205\" src=\"https:\/\/www.fotostudio-edler.de\/wp-content\/uploads\/2025\/07\/IRC5119-2-150x100.jpg\" alt=\"\" class=\"wp-image-3205\" srcset=\"https:\/\/www.fotostudio-edler.de\/wp-content\/uploads\/2025\/07\/IRC5119-2-150x100.jpg 150w, https:\/\/www.fotostudio-edler.de\/wp-content\/uploads\/2025\/07\/IRC5119-2-768x512.jpg 768w, https:\/\/www.fotostudio-edler.de\/wp-content\/uploads\/2025\/07\/IRC5119-2.jpg 1200w\" sizes=\"auto, (max-width: 150px) 100vw, 150px\" \/><\/figure>\n\n\n\n<figure class=\"wp-block-image size-large\"><img loading=\"lazy\" decoding=\"async\" width=\"150\" height=\"100\" data-id=\"3211\" src=\"https:\/\/www.fotostudio-edler.de\/wp-content\/uploads\/2025\/07\/U7B6760-150x100.jpg\" alt=\"\" class=\"wp-image-3211\" srcset=\"https:\/\/www.fotostudio-edler.de\/wp-content\/uploads\/2025\/07\/U7B6760-150x100.jpg 150w, https:\/\/www.fotostudio-edler.de\/wp-content\/uploads\/2025\/07\/U7B6760-768x512.jpg 768w, https:\/\/www.fotostudio-edler.de\/wp-content\/uploads\/2025\/07\/U7B6760.jpg 1200w\" sizes=\"auto, (max-width: 150px) 100vw, 150px\" \/><\/figure>\n\n\n\n<figure class=\"wp-block-image size-large\"><img loading=\"lazy\" decoding=\"async\" width=\"150\" height=\"100\" data-id=\"3213\" src=\"https:\/\/www.fotostudio-edler.de\/wp-content\/uploads\/2025\/07\/U7B6791-150x100.jpg\" alt=\"\" class=\"wp-image-3213\" srcset=\"https:\/\/www.fotostudio-edler.de\/wp-content\/uploads\/2025\/07\/U7B6791-150x100.jpg 150w, https:\/\/www.fotostudio-edler.de\/wp-content\/uploads\/2025\/07\/U7B6791-768x512.jpg 768w, https:\/\/www.fotostudio-edler.de\/wp-content\/uploads\/2025\/07\/U7B6791.jpg 1200w\" sizes=\"auto, (max-width: 150px) 100vw, 150px\" \/><\/figure>\n\n\n\n<figure class=\"wp-block-image size-large\"><img loading=\"lazy\" decoding=\"async\" width=\"150\" height=\"100\" data-id=\"3212\" src=\"https:\/\/www.fotostudio-edler.de\/wp-content\/uploads\/2025\/07\/U7B6769-150x100.jpg\" alt=\"\" class=\"wp-image-3212\" srcset=\"https:\/\/www.fotostudio-edler.de\/wp-content\/uploads\/2025\/07\/U7B6769-150x100.jpg 150w, https:\/\/www.fotostudio-edler.de\/wp-content\/uploads\/2025\/07\/U7B6769-768x512.jpg 768w, https:\/\/www.fotostudio-edler.de\/wp-content\/uploads\/2025\/07\/U7B6769.jpg 1200w\" sizes=\"auto, (max-width: 150px) 100vw, 150px\" \/><\/figure>\n\n\n\n<figure class=\"wp-block-image size-large\"><img loading=\"lazy\" decoding=\"async\" width=\"150\" height=\"100\" data-id=\"3207\" src=\"https:\/\/www.fotostudio-edler.de\/wp-content\/uploads\/2025\/07\/IRC5201-150x100.jpg\" alt=\"\" class=\"wp-image-3207\" srcset=\"https:\/\/www.fotostudio-edler.de\/wp-content\/uploads\/2025\/07\/IRC5201-150x100.jpg 150w, https:\/\/www.fotostudio-edler.de\/wp-content\/uploads\/2025\/07\/IRC5201-768x512.jpg 768w, https:\/\/www.fotostudio-edler.de\/wp-content\/uploads\/2025\/07\/IRC5201.jpg 1200w\" sizes=\"auto, (max-width: 150px) 100vw, 150px\" \/><\/figure>\n\n\n\n<figure class=\"wp-block-image size-large\"><img loading=\"lazy\" decoding=\"async\" width=\"150\" height=\"100\" data-id=\"3208\" src=\"https:\/\/www.fotostudio-edler.de\/wp-content\/uploads\/2025\/07\/IRC5237-150x100.jpg\" alt=\"\" class=\"wp-image-3208\" srcset=\"https:\/\/www.fotostudio-edler.de\/wp-content\/uploads\/2025\/07\/IRC5237-150x100.jpg 150w, https:\/\/www.fotostudio-edler.de\/wp-content\/uploads\/2025\/07\/IRC5237-768x512.jpg 768w, https:\/\/www.fotostudio-edler.de\/wp-content\/uploads\/2025\/07\/IRC5237.jpg 1200w\" sizes=\"auto, (max-width: 150px) 100vw, 150px\" \/><\/figure>\n\n\n\n<figure class=\"wp-block-image size-large\"><img loading=\"lazy\" decoding=\"async\" width=\"150\" height=\"100\" data-id=\"3209\" src=\"https:\/\/www.fotostudio-edler.de\/wp-content\/uploads\/2025\/07\/IRC5352-150x100.jpg\" alt=\"\" class=\"wp-image-3209\" srcset=\"https:\/\/www.fotostudio-edler.de\/wp-content\/uploads\/2025\/07\/IRC5352-150x100.jpg 150w, https:\/\/www.fotostudio-edler.de\/wp-content\/uploads\/2025\/07\/IRC5352-768x512.jpg 768w, https:\/\/www.fotostudio-edler.de\/wp-content\/uploads\/2025\/07\/IRC5352.jpg 1200w\" sizes=\"auto, (max-width: 150px) 100vw, 150px\" \/><\/figure>\n\n\n\n<figure class=\"wp-block-image size-large\"><img loading=\"lazy\" decoding=\"async\" width=\"100\" height=\"150\" data-id=\"3226\" src=\"https:\/\/www.fotostudio-edler.de\/wp-content\/uploads\/2025\/07\/SebastianVanessa-16-100x150.jpg\" alt=\"\" class=\"wp-image-3226\" srcset=\"https:\/\/www.fotostudio-edler.de\/wp-content\/uploads\/2025\/07\/SebastianVanessa-16-100x150.jpg 100w, https:\/\/www.fotostudio-edler.de\/wp-content\/uploads\/2025\/07\/SebastianVanessa-16-768x1152.jpg 768w, https:\/\/www.fotostudio-edler.de\/wp-content\/uploads\/2025\/07\/SebastianVanessa-16.jpg 800w\" sizes=\"auto, (max-width: 100px) 100vw, 100px\" \/><\/figure>\n\n\n\n<figure class=\"wp-block-image size-large\"><img loading=\"lazy\" decoding=\"async\" width=\"150\" height=\"100\" data-id=\"3206\" src=\"https:\/\/www.fotostudio-edler.de\/wp-content\/uploads\/2025\/07\/SebastianVanessa-27-150x100.jpg\" alt=\"\" class=\"wp-image-3206\" srcset=\"https:\/\/www.fotostudio-edler.de\/wp-content\/uploads\/2025\/07\/SebastianVanessa-27-150x100.jpg 150w, https:\/\/www.fotostudio-edler.de\/wp-content\/uploads\/2025\/07\/SebastianVanessa-27-768x512.jpg 768w, https:\/\/www.fotostudio-edler.de\/wp-content\/uploads\/2025\/07\/SebastianVanessa-27.jpg 1200w\" sizes=\"auto, (max-width: 150px) 100vw, 150px\" \/><\/figure>\n\n\n\n<figure class=\"wp-block-image size-large\"><img loading=\"lazy\" decoding=\"async\" width=\"100\" height=\"150\" data-id=\"3216\" src=\"https:\/\/www.fotostudio-edler.de\/wp-content\/uploads\/2025\/07\/SebastianVanessa-44-100x150.jpg\" alt=\"\" class=\"wp-image-3216\" srcset=\"https:\/\/www.fotostudio-edler.de\/wp-content\/uploads\/2025\/07\/SebastianVanessa-44-100x150.jpg 100w, https:\/\/www.fotostudio-edler.de\/wp-content\/uploads\/2025\/07\/SebastianVanessa-44-768x1152.jpg 768w, https:\/\/www.fotostudio-edler.de\/wp-content\/uploads\/2025\/07\/SebastianVanessa-44.jpg 800w\" sizes=\"auto, (max-width: 100px) 100vw, 100px\" \/><\/figure>\n\n\n\n<figure class=\"wp-block-image size-large\"><img loading=\"lazy\" decoding=\"async\" width=\"150\" height=\"100\" data-id=\"3223\" src=\"https:\/\/www.fotostudio-edler.de\/wp-content\/uploads\/2025\/07\/SebastianVanessa-173-1-150x100.jpg\" alt=\"\" class=\"wp-image-3223\" srcset=\"https:\/\/www.fotostudio-edler.de\/wp-content\/uploads\/2025\/07\/SebastianVanessa-173-1-150x100.jpg 150w, https:\/\/www.fotostudio-edler.de\/wp-content\/uploads\/2025\/07\/SebastianVanessa-173-1-768x512.jpg 768w, https:\/\/www.fotostudio-edler.de\/wp-content\/uploads\/2025\/07\/SebastianVanessa-173-1.jpg 1200w\" sizes=\"auto, (max-width: 150px) 100vw, 150px\" \/><\/figure>\n\n\n\n<figure class=\"wp-block-image size-large\"><img loading=\"lazy\" decoding=\"async\" width=\"150\" height=\"100\" data-id=\"3219\" src=\"https:\/\/www.fotostudio-edler.de\/wp-content\/uploads\/2025\/07\/SebastianVanessa-171-150x100.jpg\" alt=\"\" class=\"wp-image-3219\" srcset=\"https:\/\/www.fotostudio-edler.de\/wp-content\/uploads\/2025\/07\/SebastianVanessa-171-150x100.jpg 150w, https:\/\/www.fotostudio-edler.de\/wp-content\/uploads\/2025\/07\/SebastianVanessa-171-768x512.jpg 768w, https:\/\/www.fotostudio-edler.de\/wp-content\/uploads\/2025\/07\/SebastianVanessa-171.jpg 1200w\" sizes=\"auto, (max-width: 150px) 100vw, 150px\" \/><\/figure>\n\n\n\n<figure class=\"wp-block-image size-large\"><img loading=\"lazy\" decoding=\"async\" width=\"100\" height=\"150\" data-id=\"3217\" src=\"https:\/\/www.fotostudio-edler.de\/wp-content\/uploads\/2025\/07\/SebastianVanessa-98-100x150.jpg\" alt=\"\" class=\"wp-image-3217\" srcset=\"https:\/\/www.fotostudio-edler.de\/wp-content\/uploads\/2025\/07\/SebastianVanessa-98-100x150.jpg 100w, https:\/\/www.fotostudio-edler.de\/wp-content\/uploads\/2025\/07\/SebastianVanessa-98-768x1152.jpg 768w, https:\/\/www.fotostudio-edler.de\/wp-content\/uploads\/2025\/07\/SebastianVanessa-98.jpg 800w\" sizes=\"auto, (max-width: 100px) 100vw, 100px\" \/><\/figure>\n\n\n\n<figure class=\"wp-block-image size-large\"><img loading=\"lazy\" decoding=\"async\" width=\"100\" height=\"150\" data-id=\"3202\" src=\"https:\/\/www.fotostudio-edler.de\/wp-content\/uploads\/2025\/07\/nggallery_import\/SebastianVanessa-44-100x150.jpg\" alt=\"\" class=\"wp-image-3202\" srcset=\"https:\/\/www.fotostudio-edler.de\/wp-content\/uploads\/2025\/07\/nggallery_import\/SebastianVanessa-44-100x150.jpg 100w, https:\/\/www.fotostudio-edler.de\/wp-content\/uploads\/2025\/07\/nggallery_import\/SebastianVanessa-44-768x1152.jpg 768w, https:\/\/www.fotostudio-edler.de\/wp-content\/uploads\/2025\/07\/nggallery_import\/SebastianVanessa-44.jpg 800w\" sizes=\"auto, (max-width: 100px) 100vw, 100px\" \/><\/figure>\n\n\n\n<figure class=\"wp-block-image size-large\"><img loading=\"lazy\" decoding=\"async\" width=\"100\" height=\"150\" data-id=\"3218\" src=\"https:\/\/www.fotostudio-edler.de\/wp-content\/uploads\/2025\/07\/SebastianVanessa-111-100x150.jpg\" alt=\"\" class=\"wp-image-3218\" srcset=\"https:\/\/www.fotostudio-edler.de\/wp-content\/uploads\/2025\/07\/SebastianVanessa-111-100x150.jpg 100w, https:\/\/www.fotostudio-edler.de\/wp-content\/uploads\/2025\/07\/SebastianVanessa-111-768x1152.jpg 768w, https:\/\/www.fotostudio-edler.de\/wp-content\/uploads\/2025\/07\/SebastianVanessa-111.jpg 800w\" sizes=\"auto, (max-width: 100px) 100vw, 100px\" \/><\/figure>\n\n\n\n<figure class=\"wp-block-image size-large\"><img loading=\"lazy\" decoding=\"async\" width=\"150\" height=\"100\" data-id=\"3221\" src=\"https:\/\/www.fotostudio-edler.de\/wp-content\/uploads\/2025\/07\/SebastianVanessa-151-150x100.jpg\" alt=\"\" class=\"wp-image-3221\" srcset=\"https:\/\/www.fotostudio-edler.de\/wp-content\/uploads\/2025\/07\/SebastianVanessa-151-150x100.jpg 150w, https:\/\/www.fotostudio-edler.de\/wp-content\/uploads\/2025\/07\/SebastianVanessa-151-768x512.jpg 768w, https:\/\/www.fotostudio-edler.de\/wp-content\/uploads\/2025\/07\/SebastianVanessa-151.jpg 1200w\" sizes=\"auto, (max-width: 150px) 100vw, 150px\" \/><\/figure>\n\n\n\n<figure class=\"wp-block-image size-large\"><img loading=\"lazy\" decoding=\"async\" width=\"150\" height=\"100\" data-id=\"3222\" src=\"https:\/\/www.fotostudio-edler.de\/wp-content\/uploads\/2025\/07\/SebastianVanessa-234-150x100.jpg\" alt=\"\" class=\"wp-image-3222\" srcset=\"https:\/\/www.fotostudio-edler.de\/wp-content\/uploads\/2025\/07\/SebastianVanessa-234-150x100.jpg 150w, https:\/\/www.fotostudio-edler.de\/wp-content\/uploads\/2025\/07\/SebastianVanessa-234-768x512.jpg 768w, https:\/\/www.fotostudio-edler.de\/wp-content\/uploads\/2025\/07\/SebastianVanessa-234.jpg 1200w\" sizes=\"auto, (max-width: 150px) 100vw, 150px\" \/><\/figure>\n\n\n\n<figure class=\"wp-block-image size-large\"><img loading=\"lazy\" decoding=\"async\" width=\"150\" height=\"100\" data-id=\"3215\" src=\"https:\/\/www.fotostudio-edler.de\/wp-content\/uploads\/2025\/07\/U7B8053-150x100.jpg\" alt=\"\" class=\"wp-image-3215\" srcset=\"https:\/\/www.fotostudio-edler.de\/wp-content\/uploads\/2025\/07\/U7B8053-150x100.jpg 150w, https:\/\/www.fotostudio-edler.de\/wp-content\/uploads\/2025\/07\/U7B8053-768x512.jpg 768w, https:\/\/www.fotostudio-edler.de\/wp-content\/uploads\/2025\/07\/U7B8053.jpg 1200w\" sizes=\"auto, (max-width: 150px) 100vw, 150px\" \/><\/figure>\n\n\n\n<figure class=\"wp-block-image size-large\"><img loading=\"lazy\" decoding=\"async\" width=\"150\" height=\"100\" data-id=\"3210\" src=\"https:\/\/www.fotostudio-edler.de\/wp-content\/uploads\/2025\/07\/IRC5688-150x100.jpg\" alt=\"\" class=\"wp-image-3210\" srcset=\"https:\/\/www.fotostudio-edler.de\/wp-content\/uploads\/2025\/07\/IRC5688-150x100.jpg 150w, https:\/\/www.fotostudio-edler.de\/wp-content\/uploads\/2025\/07\/IRC5688-768x512.jpg 768w, https:\/\/www.fotostudio-edler.de\/wp-content\/uploads\/2025\/07\/IRC5688.jpg 1200w\" sizes=\"auto, (max-width: 150px) 100vw, 150px\" \/><\/figure>\n<\/figure>\n","protected":false},"excerpt":{"rendered":"<p>Am 24.Mai 2025 durfte ich die Liebe zwischen Sebastian und Vanessa in Bildern festhalten.Ein Tag voller Zauber, der mit einer ber\u00fchrenden Trauung im Herzen von Heilbad Heiligenstadt begann. Umgeben von einer ehrw\u00fcrdigen Kirche und dem bl\u00fchenden Barockgarten gaben sich die beiden das Ja-Wort- ein Moment &hellip; <a href=\"https:\/\/www.fotostudio-edler.de\/index.php\/2025\/07\/28\/zwischen-barokgarten-und-burgruinen-wurde-ihr-maerchen-wahr\/\" class=\"more-link\"><span>Continue reading<span class=\"screen-reader-text\">Zwischen Barokgarten und Burgruinen wurde ihr M\u00e4rchen wahr.<\/span><\/span><\/a><\/p>\n","protected":false},"author":1,"featured_media":3219,"comment_status":"closed","ping_status":"closed","sticky":false,"template":"","format":"image","meta":{"ngg_post_thumbnail":273,"footnotes":""},"categories":[1],"tags":[96,104,102,97,98,28,37,42,48,101,57,45,106,100,59,103,105,107,99,49,95],"class_list":["post-3198","post","type-post","status-publish","format-image","has-post-thumbnail","hentry","category-allgemein","tag-bornhagen","tag-brautkleid","tag-brautpaarshooting","tag-burg_hanstein","tag-burghanstein","tag-fotograf","tag-fotografeichsfeld","tag-fotografheiligenstadt","tag-fotografthueringen","tag-hochzeit2025","tag-hochzeitsbilder","tag-hochzeitsfotograf","tag-hochzeitsfotograf_eichsfeld","tag-hochzeitsfotografie","tag-hochzeitsfotografin","tag-hochzeitsfotos","tag-hochzeitsinspiration","tag-kirchlichehochzeit","tag-klausenhof","tag-standesamt","tag-standesamt_heilbadheiligenstadt","post_format-post-format-image"],"_links":{"self":[{"href":"https:\/\/www.fotostudio-edler.de\/index.php\/wp-json\/wp\/v2\/posts\/3198","targetHints":{"allow":["GET"]}}],"collection":[{"href":"https:\/\/www.fotostudio-edler.de\/index.php\/wp-json\/wp\/v2\/posts"}],"about":[{"href":"https:\/\/www.fotostudio-edler.de\/index.php\/wp-json\/wp\/v2\/types\/post"}],"author":[{"embeddable":true,"href":"https:\/\/www.fotostudio-edler.de\/index.php\/wp-json\/wp\/v2\/users\/1"}],"replies":[{"embeddable":true,"href":"https:\/\/www.fotostudio-edler.de\/index.php\/wp-json\/wp\/v2\/comments?post=3198"}],"version-history":[{"count":7,"href":"https:\/\/www.fotostudio-edler.de\/index.php\/wp-json\/wp\/v2\/posts\/3198\/revisions"}],"predecessor-version":[{"id":3229,"href":"https:\/\/www.fotostudio-edler.de\/index.php\/wp-json\/wp\/v2\/posts\/3198\/revisions\/3229"}],"wp:featuredmedia":[{"embeddable":true,"href":"https:\/\/www.fotostudio-edler.de\/index.php\/wp-json\/wp\/v2\/media\/3219"}],"wp:attachment":[{"href":"https:\/\/www.fotostudio-edler.de\/index.php\/wp-json\/wp\/v2\/media?parent=3198"}],"wp:term":[{"taxonomy":"category","embeddable":true,"href":"https:\/\/www.fotostudio-edler.de\/index.php\/wp-json\/wp\/v2\/categories?post=3198"},{"taxonomy":"post_tag","embeddable":true,"href":"https:\/\/www.fotostudio-edler.de\/index.php\/wp-json\/wp\/v2\/tags?post=3198"}],"curies":[{"name":"wp","href":"https:\/\/api.w.org\/{rel}","templated":true}]}}