{"id":2601,"date":"2025-05-07T11:56:12","date_gmt":"2025-05-07T09:56:12","guid":{"rendered":"https:\/\/www.fotostudio-edler.de\/?p=2601"},"modified":"2025-05-07T11:56:12","modified_gmt":"2025-05-07T09:56:12","slug":"mein-buch-mehr-zeit-erfolg-und-sicherheit-fuer-pv-profis","status":"publish","type":"post","link":"https:\/\/www.fotostudio-edler.de\/index.php\/2025\/05\/07\/mein-buch-mehr-zeit-erfolg-und-sicherheit-fuer-pv-profis\/","title":{"rendered":"Mein Buch \u201eMehr Zeit, Erfolg und Sicherheit f\u00fcr PV-Profis\u201c"},"content":{"rendered":"\n<h2 class=\"wp-block-heading has-normal-font-size\">Auf der Intersolar 2025 stellte, Hani Fischer sein Buch \u201eMehr Zeit, Erfolg und Sicherheit f\u00fcr PV-Profis\u201cvor. Es beinhaltet Viele Tipps f\u00fcr Gesch\u00e4ftsf\u00fchrer und Verk\u00e4ufer im PV Markt.Mehr Leads, mehr Abschl\u00fcsse und das noch effizienter mit mehr Sicherheit!<\/h2>\n\n\n\n<p>Auch als H\u00f6rbuch und eBook erh\u00e4ltlich!<\/p>\n\n\n\n<p>Fotografie: Fotostudio Edler <\/p>\n\n\n\n<figure class=\"wp-block-image size-full\"><img loading=\"lazy\" decoding=\"async\" width=\"800\" height=\"1200\" src=\"https:\/\/www.fotostudio-edler.de\/wp-content\/uploads\/2025\/05\/HaniFischerbuch.jpg\" alt=\"\" class=\"wp-image-2602\" srcset=\"https:\/\/www.fotostudio-edler.de\/wp-content\/uploads\/2025\/05\/HaniFischerbuch.jpg 800w, https:\/\/www.fotostudio-edler.de\/wp-content\/uploads\/2025\/05\/HaniFischerbuch-100x150.jpg 100w, https:\/\/www.fotostudio-edler.de\/wp-content\/uploads\/2025\/05\/HaniFischerbuch-768x1152.jpg 768w\" sizes=\"auto, (max-width: 800px) 100vw, 800px\" \/><\/figure>\n\n\n\n<p>Weniger anzeigen<a href=\"https:\/\/www.facebook.com\/hani.fischer?__tn__=-UC-R\"><\/a><\/p>\n\n\n\n<p><a href=\"https:\/\/www.facebook.com\/?__tn__=%2CO-R#?jfe\" target=\"_blank\" rel=\"noreferrer noopener\"><\/a>&nbsp;<\/p>\n\n\n\n<p><a href=\"https:\/\/www.facebook.com\/watch\/hashtag\/intersolar2025?__eep__=6%2F&amp;__tn__=*NK-R\"><\/a><a href=\"https:\/\/www.facebook.com\/watch\/hashtag\/pv?__eep__=6%2F&amp;__tn__=*NK-R\"><\/a><a href=\"https:\/\/www.facebook.com\/watch\/hashtag\/ews?__eep__=6%2F&amp;__tn__=*NK-R\"><\/a><\/p>\n\n\n","protected":false},"excerpt":{"rendered":"<p>Auf der Intersolar 2025 stellte, Hani Fischer sein Buch \u201eMehr Zeit, Erfolg und Sicherheit f\u00fcr PV-Profis\u201cvor. Es beinhaltet Viele Tipps f\u00fcr Gesch\u00e4ftsf\u00fchrer und Verk\u00e4ufer im PV Markt.Mehr Leads, mehr Abschl\u00fcsse und das noch effizienter mit mehr Sicherheit! Auch als H\u00f6rbuch und eBook erh\u00e4ltlich! Fotografie: Fotostudio &hellip; <a href=\"https:\/\/www.fotostudio-edler.de\/index.php\/2025\/05\/07\/mein-buch-mehr-zeit-erfolg-und-sicherheit-fuer-pv-profis\/\" class=\"more-link\"><span>Continue reading<span class=\"screen-reader-text\">Mein Buch \u201eMehr Zeit, Erfolg und Sicherheit f\u00fcr PV-Profis\u201c<\/span><\/span><\/a><\/p>\n","protected":false},"author":1,"featured_media":2602,"comment_status":"closed","ping_status":"closed","sticky":false,"template":"","format":"image","meta":{"ngg_post_thumbnail":0,"footnotes":""},"categories":[1],"tags":[29,28,37,42,48,87,86,82,83,84,30,85],"class_list":["post-2601","post","type-post","status-publish","format-image","has-post-thumbnail","hentry","category-allgemein","tag-eichsfeld","tag-fotograf","tag-fotografeichsfeld","tag-fotografheiligenstadt","tag-fotografthueringen","tag-pvmarkt","tag-pvprofis","tag-solar","tag-solar_energie","tag-sonne","tag-thueringen","tag-werbefotografie","post_format-post-format-image"],"_links":{"self":[{"href":"https:\/\/www.fotostudio-edler.de\/index.php\/wp-json\/wp\/v2\/posts\/2601","targetHints":{"allow":["GET"]}}],"collection":[{"href":"https:\/\/www.fotostudio-edler.de\/index.php\/wp-json\/wp\/v2\/posts"}],"about":[{"href":"https:\/\/www.fotostudio-edler.de\/index.php\/wp-json\/wp\/v2\/types\/post"}],"author":[{"embeddable":true,"href":"https:\/\/www.fotostudio-edler.de\/index.php\/wp-json\/wp\/v2\/users\/1"}],"replies":[{"embeddable":true,"href":"https:\/\/www.fotostudio-edler.de\/index.php\/wp-json\/wp\/v2\/comments?post=2601"}],"version-history":[{"count":2,"href":"https:\/\/www.fotostudio-edler.de\/index.php\/wp-json\/wp\/v2\/posts\/2601\/revisions"}],"predecessor-version":[{"id":2604,"href":"https:\/\/www.fotostudio-edler.de\/index.php\/wp-json\/wp\/v2\/posts\/2601\/revisions\/2604"}],"wp:featuredmedia":[{"embeddable":true,"href":"https:\/\/www.fotostudio-edler.de\/index.php\/wp-json\/wp\/v2\/media\/2602"}],"wp:attachment":[{"href":"https:\/\/www.fotostudio-edler.de\/index.php\/wp-json\/wp\/v2\/media?parent=2601"}],"wp:term":[{"taxonomy":"category","embeddable":true,"href":"https:\/\/www.fotostudio-edler.de\/index.php\/wp-json\/wp\/v2\/categories?post=2601"},{"taxonomy":"post_tag","embeddable":true,"href":"https:\/\/www.fotostudio-edler.de\/index.php\/wp-json\/wp\/v2\/tags?post=2601"}],"curies":[{"name":"wp","href":"https:\/\/api.w.org\/{rel}","templated":true}]}}