{"id":1852,"date":"2025-01-13T09:26:37","date_gmt":"2025-01-13T08:26:37","guid":{"rendered":"https:\/\/www.fotostudio-edler.de\/?p=1852"},"modified":"2025-04-24T09:57:45","modified_gmt":"2025-04-24T07:57:45","slug":"wir-haben-die-lizenz-zum-passbilder-machen","status":"publish","type":"post","link":"https:\/\/www.fotostudio-edler.de\/index.php\/2025\/01\/13\/wir-haben-die-lizenz-zum-passbilder-machen\/","title":{"rendered":"Wir haben die Lizenz zum Passbilder machen!"},"content":{"rendered":"\n<p><strong>So sieht es sp\u00e4testens ab Mai 2025 aus, wenn Du bei uns Passbilder machen l\u00e4sst:<\/strong><\/p>\n\n\n\n<ul class=\"wp-block-list\">\n<li>Wie bisher fertigen wir hochwertige Passbilder von Dir an.<\/li>\n\n\n\n<li>Nach dem fotografieren passen wir das ausgew\u00e4hlte Bild in die Biometriemaske ein.<\/li>\n\n\n\n<li>Anschlie\u00dfend wird das Bild in die Passbildcloud hochgeladen, wo es sofort auf Biometrie und andere Faktoren gepr\u00fcft wird. Dieser Vorgang dauert nur wenige Sekunden.<\/li>\n\n\n\n<li>Nach der Identifizierung des registrierten Fotografen wird das Passbild freigegeben.&nbsp;Der Fotograf muss daf\u00fcr seinen&nbsp;Personalausweis&nbsp;auf ein Leseger\u00e4t auflegen und sich so&nbsp;identifizieren.<\/li>\n\n\n\n<li>Jetzt wird ein Beiblatt mit einem QR-Code gedruckt. Mit diesem Ausdruck gehst Du dann zum B\u00fcrgerb\u00fcro.<\/li>\n\n\n\n<li>Der Sachbearbeiter kann nun das Passbild aus der Cloud abrufen und direkt in seinen Workflow integriere<\/li>\n<\/ul>\n\n\n\n<p><\/p>\n\n\n\n<h1 class=\"wp-block-heading\">Was in Zukunft noch geht &amp; was nicht!<\/h1>\n\n\n\n<h3 class=\"wp-block-heading\">Geht noch!<\/h3>\n\n\n\n<ul class=\"wp-block-list\">\n<li>Passbilder d\u00fcrfen nur noch von Zertifizierten Fotografen erstellt werden.<\/li>\n\n\n\n<li>B\u00fcrgerb\u00fcros bleibt freigestellt, ob diese selber Passbilder anbieten. Im Gesetzentwurf des BMI steht, dass das Erstellen der Passbilder von zertifiziertem Personal \u00fcberwacht werden muss. Dies wird aus Kostengr\u00fcnden nicht in jedem B\u00fcrgerb\u00fcro m\u00f6glich sein.<\/li>\n<\/ul>\n\n\n\n<p><\/p>\n\n\n\n<h3 class=\"wp-block-heading\">Geht nicht!<\/h3>\n\n\n\n<ul class=\"wp-block-list\">\n<li>Alle Passbild-Apps fallen weg.<\/li>\n\n\n\n<li>Drogerieketten werden sehr wahrscheinlich auch keine Passbilder mehr anbieten k\u00f6nnen, da jeder Mitarbeiter eine Lizenz haben m\u00fcsste.<\/li>\n\n\n\n<li>Passbilder selber machen und Ausdrucken.<\/li>\n<\/ul>\n\n\n\n<p><\/p>\n\n\n\n<p><\/p>\n\n\n\n<h4 class=\"wp-block-heading\">Fragen &amp; Antworten<\/h4>\n\n\n\n<p>Bekomme ich noch ausgedruckte Bilder?<\/p>\n\n\n\n<p>Na klar! Auf Wunsch bekommst Du Deine Passbilder wie gewohnt in verschiedenen Set\u00b4s ausgedruckt.<\/p>\n\n\n\n<p>Wie ist das bei anderen L\u00e4ndern f\u00fcr P\u00e4sse oder Visa?<\/p>\n\n\n\n<p>F\u00fcr Visa oder P\u00e4sse bekommst Du wie gewohnt Deine Bilder ausgedruckt.<\/p>\n","protected":false},"excerpt":{"rendered":"<p>So sieht es sp\u00e4testens ab Mai 2025 aus, wenn Du bei uns Passbilder machen l\u00e4sst: Was in Zukunft noch geht &amp; was nicht! Geht noch! Geht nicht! Fragen &amp; Antworten Bekomme ich noch ausgedruckte Bilder? Na klar! Auf Wunsch bekommst Du Deine Passbilder wie gewohnt &hellip; <a href=\"https:\/\/www.fotostudio-edler.de\/index.php\/2025\/01\/13\/wir-haben-die-lizenz-zum-passbilder-machen\/\" class=\"more-link\"><span>Continue reading<span class=\"screen-reader-text\">Wir haben die Lizenz zum Passbilder machen!<\/span><\/span><\/a><\/p>\n","protected":false},"author":1,"featured_media":2015,"comment_status":"closed","ping_status":"closed","sticky":false,"template":"","format":"standard","meta":{"ngg_post_thumbnail":0,"footnotes":""},"categories":[1],"tags":[24,22,29,28,26,31,45,60,62,59,61,21,23,25,27,30],"class_list":["post-1852","post","type-post","status-publish","format-standard","has-post-thumbnail","hentry","category-allgemein","tag-beautyretusche","tag-digital","tag-eichsfeld","tag-fotograf","tag-heilbadheiligenstadt","tag-heiligenstadt","tag-hochzeitsfotograf","tag-hochzeitsfotograf-eichsfeld","tag-hochzeitsfotograf_thueringen","tag-hochzeitsfotografin","tag-hochzeitsfotografthueringen","tag-passbilder","tag-qualitaet","tag-sofort","tag-stadtsterben","tag-thueringen"],"_links":{"self":[{"href":"https:\/\/www.fotostudio-edler.de\/index.php\/wp-json\/wp\/v2\/posts\/1852","targetHints":{"allow":["GET"]}}],"collection":[{"href":"https:\/\/www.fotostudio-edler.de\/index.php\/wp-json\/wp\/v2\/posts"}],"about":[{"href":"https:\/\/www.fotostudio-edler.de\/index.php\/wp-json\/wp\/v2\/types\/post"}],"author":[{"embeddable":true,"href":"https:\/\/www.fotostudio-edler.de\/index.php\/wp-json\/wp\/v2\/users\/1"}],"replies":[{"embeddable":true,"href":"https:\/\/www.fotostudio-edler.de\/index.php\/wp-json\/wp\/v2\/comments?post=1852"}],"version-history":[{"count":12,"href":"https:\/\/www.fotostudio-edler.de\/index.php\/wp-json\/wp\/v2\/posts\/1852\/revisions"}],"predecessor-version":[{"id":2491,"href":"https:\/\/www.fotostudio-edler.de\/index.php\/wp-json\/wp\/v2\/posts\/1852\/revisions\/2491"}],"wp:featuredmedia":[{"embeddable":true,"href":"https:\/\/www.fotostudio-edler.de\/index.php\/wp-json\/wp\/v2\/media\/2015"}],"wp:attachment":[{"href":"https:\/\/www.fotostudio-edler.de\/index.php\/wp-json\/wp\/v2\/media?parent=1852"}],"wp:term":[{"taxonomy":"category","embeddable":true,"href":"https:\/\/www.fotostudio-edler.de\/index.php\/wp-json\/wp\/v2\/categories?post=1852"},{"taxonomy":"post_tag","embeddable":true,"href":"https:\/\/www.fotostudio-edler.de\/index.php\/wp-json\/wp\/v2\/tags?post=1852"}],"curies":[{"name":"wp","href":"https:\/\/api.w.org\/{rel}","templated":true}]}}